{"id":3866,"date":"2021-06-18T10:39:12","date_gmt":"2021-06-18T08:39:12","guid":{"rendered":"https:\/\/roesch-kuechen.ch\/wp\/?p=3866"},"modified":"2021-10-18T14:11:24","modified_gmt":"2021-10-18T12:11:24","slug":"kuechen-und-mehr-damit-traeume-keine-traeume-bleiben","status":"publish","type":"post","link":"https:\/\/roesch-kuechen.ch\/wp\/kuechen-und-mehr-damit-traeume-keine-traeume-bleiben\/","title":{"rendered":"K\u00fcchen und mehr&#8230;damit Tr\u00e4ume keine Tr\u00e4ume bleiben"},"content":{"rendered":"<p><div class=\"fusion-fullwidth fullwidth-box fusion-builder-row-1 nonhundred-percent-fullwidth non-hundred-percent-height-scrolling\" style=\"--awb-border-radius-top-left:0px;--awb-border-radius-top-right:0px;--awb-border-radius-bottom-right:0px;--awb-border-radius-bottom-left:0px;--awb-flex-wrap:wrap;\" ><div class=\"fusion-builder-row fusion-row\"><div class=\"fusion-layout-column fusion_builder_column fusion-builder-column-0 fusion_builder_column_1_1 1_1 fusion-one-full fusion-column-first fusion-column-last\" style=\"--awb-bg-size:cover;--awb-margin-bottom:0px;\"><div class=\"fusion-column-wrapper fusion-flex-column-wrapper-legacy\"><div class=\"fusion-text fusion-text-1\"><div class=\"page\" title=\"Page 1\">\n<div class=\"layoutArea\">\n<div class=\"column\">\n<h4>Eine grossz\u00fcgige moderne K\u00fcche, individuell und perfekt auf Ihre W\u00fcnsche abgestimmt. Oder ein Reduit, ein begehbarer Kleiderschrank, eine sch\u00f6ne Garderobe. Oder steht doch eher ein edles Sideboard auf Ihrer Wunschliste? Tr\u00e4umen Sie nicht weiter sondern kommen Sie bei r\u00f6sch k\u00fcchen in Waltenschwil vorbei.<\/h4>\n<p>Die letzten Monate durften wir mit grosser Freude und Begeisterung viele wundersch\u00f6ne Projekte planen und realisieren. Gerne zeigen wir Ihnen nachstehend ein paar Beispiele, wie Sie Ihre Tr\u00e4ume nicht nur edel und sch\u00f6n, sondern auch praktisch und funktionell verwirklichen k\u00f6nnen.<\/p>\n<p><strong>Black Beauty \u2013 oder ein Traum in schwarz<\/strong><\/p>\n<p>Ein tiefes, supermattes Schwarz erobert die K\u00fcche. Bei dunklen Fronten ist normalerweise Vorsicht geboten, aber mit der Neuheit TOUCHfree &#8211; eine besondere Oberfl\u00e4chenversiegelung \u2013 geh\u00f6ren Fingerabdr\u00fccke endlich der Vergangenheit an. Schwarz ist aber nicht nur die aktuelle Farbe f\u00fcr K\u00fcchenfronten \u2013 auch immer mehr Griffe, Griffleisten, Armaturen, Besteckeins\u00e4tze, Glast\u00fcren etc. in schwarz finden Sie in unserem umfangreichen Angebot. Eine aussergew\u00f6hnlich sch\u00f6ne Kombination ergibt sich mit Holz-Dielen.<\/p>\n<\/div>\n<\/div>\n<\/div>\n<\/div><div class=\"fusion-clearfix\"><\/div><\/div><\/div><div class=\"fusion-layout-column fusion_builder_column fusion-builder-column-1 fusion_builder_column_1_2 1_2 fusion-one-half fusion-column-first\" style=\"--awb-bg-size:cover;width:50%;width:calc(50% - ( ( 4% ) * 0.5 ) );margin-right: 4%;\"><div class=\"fusion-column-wrapper fusion-column-has-shadow fusion-flex-column-wrapper-legacy\"><div class=\"fusion-image-element in-legacy-container\" style=\"--awb-caption-title-font-family:var(--h2_typography-font-family);--awb-caption-title-font-weight:var(--h2_typography-font-weight);--awb-caption-title-font-style:var(--h2_typography-font-style);--awb-caption-title-size:var(--h2_typography-font-size);--awb-caption-title-transform:var(--h2_typography-text-transform);--awb-caption-title-line-height:var(--h2_typography-line-height);--awb-caption-title-letter-spacing:var(--h2_typography-letter-spacing);\"><span class=\" fusion-imageframe imageframe-none imageframe-1 hover-type-none\"><img fetchpriority=\"high\" fetchpriority=\"high\" decoding=\"async\" width=\"300\" height=\"225\" title=\"IMG_6078\" src=\"https:\/\/roesch-kuechen.ch\/wp\/wp-content\/uploads\/2020\/06\/IMG_6078-scaled.jpg\" data-orig-src=\"https:\/\/roesch-kuechen.ch\/wp\/wp-content\/uploads\/2020\/06\/IMG_6078-300x225.jpg\" alt class=\"lazyload img-responsive wp-image-3516\" srcset=\"data:image\/svg+xml,%3Csvg%20xmlns%3D%27http%3A%2F%2Fwww.w3.org%2F2000%2Fsvg%27%20width%3D%272560%27%20height%3D%271920%27%20viewBox%3D%270%200%202560%201920%27%3E%3Crect%20width%3D%272560%27%20height%3D%271920%27%20fill-opacity%3D%220%22%2F%3E%3C%2Fsvg%3E\" data-srcset=\"https:\/\/roesch-kuechen.ch\/wp\/wp-content\/uploads\/2020\/06\/IMG_6078-200x150.jpg 200w, https:\/\/roesch-kuechen.ch\/wp\/wp-content\/uploads\/2020\/06\/IMG_6078-400x300.jpg 400w, https:\/\/roesch-kuechen.ch\/wp\/wp-content\/uploads\/2020\/06\/IMG_6078-600x450.jpg 600w, https:\/\/roesch-kuechen.ch\/wp\/wp-content\/uploads\/2020\/06\/IMG_6078-800x600.jpg 800w, https:\/\/roesch-kuechen.ch\/wp\/wp-content\/uploads\/2020\/06\/IMG_6078-1200x900.jpg 1200w\" data-sizes=\"auto\" data-orig-sizes=\"(max-width: 800px) 100vw, 600px\" \/><\/span><\/div><div class=\"fusion-clearfix\"><\/div><\/div><\/div><div class=\"fusion-layout-column fusion_builder_column fusion-builder-column-2 fusion_builder_column_1_2 1_2 fusion-one-half fusion-column-last\" style=\"--awb-bg-size:cover;width:50%;width:calc(50% - ( ( 4% ) * 0.5 ) );\"><div class=\"fusion-column-wrapper fusion-column-has-shadow fusion-flex-column-wrapper-legacy\"><div class=\"fusion-image-element in-legacy-container\" style=\"--awb-caption-title-font-family:var(--h2_typography-font-family);--awb-caption-title-font-weight:var(--h2_typography-font-weight);--awb-caption-title-font-style:var(--h2_typography-font-style);--awb-caption-title-size:var(--h2_typography-font-size);--awb-caption-title-transform:var(--h2_typography-text-transform);--awb-caption-title-line-height:var(--h2_typography-line-height);--awb-caption-title-letter-spacing:var(--h2_typography-letter-spacing);\"><span class=\" fusion-imageframe imageframe-none imageframe-2 hover-type-none\"><img loading=\"lazy\" decoding=\"async\" width=\"300\" height=\"238\" title=\"IMG_6091_zugeschnitten\" src=\"https:\/\/roesch-kuechen.ch\/wp\/wp-content\/uploads\/2020\/06\/IMG_6091_zugeschnitten-scaled.jpg\" data-orig-src=\"https:\/\/roesch-kuechen.ch\/wp\/wp-content\/uploads\/2020\/06\/IMG_6091_zugeschnitten-300x238.jpg\" alt class=\"lazyload img-responsive wp-image-3515\" srcset=\"data:image\/svg+xml,%3Csvg%20xmlns%3D%27http%3A%2F%2Fwww.w3.org%2F2000%2Fsvg%27%20width%3D%272560%27%20height%3D%272031%27%20viewBox%3D%270%200%202560%202031%27%3E%3Crect%20width%3D%272560%27%20height%3D%272031%27%20fill-opacity%3D%220%22%2F%3E%3C%2Fsvg%3E\" data-srcset=\"https:\/\/roesch-kuechen.ch\/wp\/wp-content\/uploads\/2020\/06\/IMG_6091_zugeschnitten-200x159.jpg 200w, https:\/\/roesch-kuechen.ch\/wp\/wp-content\/uploads\/2020\/06\/IMG_6091_zugeschnitten-400x317.jpg 400w, https:\/\/roesch-kuechen.ch\/wp\/wp-content\/uploads\/2020\/06\/IMG_6091_zugeschnitten-600x476.jpg 600w, https:\/\/roesch-kuechen.ch\/wp\/wp-content\/uploads\/2020\/06\/IMG_6091_zugeschnitten-800x635.jpg 800w, https:\/\/roesch-kuechen.ch\/wp\/wp-content\/uploads\/2020\/06\/IMG_6091_zugeschnitten-1200x952.jpg 1200w\" data-sizes=\"auto\" data-orig-sizes=\"(max-width: 800px) 100vw, 600px\" \/><\/span><\/div><div class=\"fusion-clearfix\"><\/div><\/div><\/div><\/div><\/div><div class=\"fusion-fullwidth fullwidth-box fusion-builder-row-2 fusion-flex-container nonhundred-percent-fullwidth non-hundred-percent-height-scrolling\" style=\"--awb-border-radius-top-left:0px;--awb-border-radius-top-right:0px;--awb-border-radius-bottom-right:0px;--awb-border-radius-bottom-left:0px;--awb-flex-wrap:wrap;\" ><div class=\"fusion-builder-row fusion-row fusion-flex-align-items-flex-start fusion-flex-content-wrap\" style=\"max-width:1144px;margin-left: calc(-4% \/ 2 );margin-right: calc(-4% \/ 2 );\"><div class=\"fusion-layout-column fusion_builder_column fusion-builder-column-3 fusion_builder_column_1_1 1_1 fusion-flex-column\" style=\"--awb-bg-size:cover;--awb-width-large:100%;--awb-margin-top-large:0px;--awb-spacing-right-large:1.92%;--awb-margin-bottom-large:20px;--awb-spacing-left-large:1.92%;--awb-width-medium:100%;--awb-order-medium:0;--awb-spacing-right-medium:1.92%;--awb-spacing-left-medium:1.92%;--awb-width-small:100%;--awb-order-small:0;--awb-spacing-right-small:1.92%;--awb-spacing-left-small:1.92%;\"><div class=\"fusion-column-wrapper fusion-column-has-shadow fusion-flex-justify-content-flex-start fusion-content-layout-column\"><div class=\"fusion-text fusion-text-2\"><p><strong>Details<\/strong><\/p>\n<p>Die K\u00fcche ist und bleibt aber auch ein Arbeitsplatz. Deshalb sind Ordnung, \u00dcbersichtlichkeit, Ergonomie und Funktionalit\u00e4t immer wichtiger geworden. Ob Schubladen, Ausz\u00fcge, Vorratsausz\u00fcge\u2026.ob nebeneinander, \u00fcbereinander oder frei platziert.<\/p>\n<p>Es gibt\u00a0 tausend M\u00f6glichkeiten\u2026so viel Platz f\u00fcr individuelle und raffinierte Ideen gab es noch nie. Oder haben Sie Platz f\u00fcr ein Reduit? Da sind die M\u00f6glichkeiten fast unendlich.<\/p>\n<\/div><\/div><\/div><\/div><\/div><div class=\"fusion-fullwidth fullwidth-box fusion-builder-row-3 fusion-flex-container nonhundred-percent-fullwidth non-hundred-percent-height-scrolling\" style=\"--awb-border-radius-top-left:0px;--awb-border-radius-top-right:0px;--awb-border-radius-bottom-right:0px;--awb-border-radius-bottom-left:0px;--awb-flex-wrap:wrap;\" ><div class=\"fusion-builder-row fusion-row fusion-flex-align-items-flex-start fusion-flex-content-wrap\" style=\"max-width:1144px;margin-left: calc(-4% \/ 2 );margin-right: calc(-4% \/ 2 );\"><div class=\"fusion-layout-column fusion_builder_column fusion-builder-column-4 fusion_builder_column_1_2 1_2 fusion-flex-column\" style=\"--awb-bg-size:cover;--awb-width-large:50%;--awb-margin-top-large:0px;--awb-spacing-right-large:3.84%;--awb-margin-bottom-large:20px;--awb-spacing-left-large:3.84%;--awb-width-medium:100%;--awb-order-medium:0;--awb-spacing-right-medium:1.92%;--awb-spacing-left-medium:1.92%;--awb-width-small:100%;--awb-order-small:0;--awb-spacing-right-small:1.92%;--awb-spacing-left-small:1.92%;\"><div class=\"fusion-column-wrapper fusion-column-has-shadow fusion-flex-justify-content-flex-start fusion-content-layout-column\"><div class=\"fusion-image-element \" style=\"--awb-caption-title-font-family:var(--h2_typography-font-family);--awb-caption-title-font-weight:var(--h2_typography-font-weight);--awb-caption-title-font-style:var(--h2_typography-font-style);--awb-caption-title-size:var(--h2_typography-font-size);--awb-caption-title-transform:var(--h2_typography-text-transform);--awb-caption-title-line-height:var(--h2_typography-line-height);--awb-caption-title-letter-spacing:var(--h2_typography-letter-spacing);\"><span class=\" fusion-imageframe imageframe-none imageframe-3 hover-type-none\"><img loading=\"lazy\" decoding=\"async\" width=\"300\" height=\"200\" title=\"_X3B5068\" src=\"https:\/\/roesch-kuechen.ch\/wp\/wp-content\/uploads\/2021\/06\/X3B5068.jpg\" data-orig-src=\"https:\/\/roesch-kuechen.ch\/wp\/wp-content\/uploads\/2021\/06\/X3B5068-300x200.jpg\" alt class=\"lazyload img-responsive wp-image-3872\" srcset=\"data:image\/svg+xml,%3Csvg%20xmlns%3D%27http%3A%2F%2Fwww.w3.org%2F2000%2Fsvg%27%20width%3D%271280%27%20height%3D%27853%27%20viewBox%3D%270%200%201280%20853%27%3E%3Crect%20width%3D%271280%27%20height%3D%27853%27%20fill-opacity%3D%220%22%2F%3E%3C%2Fsvg%3E\" data-srcset=\"https:\/\/roesch-kuechen.ch\/wp\/wp-content\/uploads\/2021\/06\/X3B5068-200x133.jpg 200w, https:\/\/roesch-kuechen.ch\/wp\/wp-content\/uploads\/2021\/06\/X3B5068-400x267.jpg 400w, https:\/\/roesch-kuechen.ch\/wp\/wp-content\/uploads\/2021\/06\/X3B5068-600x400.jpg 600w, https:\/\/roesch-kuechen.ch\/wp\/wp-content\/uploads\/2021\/06\/X3B5068-800x533.jpg 800w, https:\/\/roesch-kuechen.ch\/wp\/wp-content\/uploads\/2021\/06\/X3B5068-1200x800.jpg 1200w, https:\/\/roesch-kuechen.ch\/wp\/wp-content\/uploads\/2021\/06\/X3B5068.jpg 1280w\" data-sizes=\"auto\" data-orig-sizes=\"(max-width: 1024px) 100vw, (max-width: 640px) 100vw, 600px\" \/><\/span><\/div><\/div><\/div><div class=\"fusion-layout-column fusion_builder_column fusion-builder-column-5 fusion_builder_column_1_2 1_2 fusion-flex-column\" style=\"--awb-bg-size:cover;--awb-width-large:50%;--awb-margin-top-large:0px;--awb-spacing-right-large:3.84%;--awb-margin-bottom-large:20px;--awb-spacing-left-large:3.84%;--awb-width-medium:100%;--awb-order-medium:0;--awb-spacing-right-medium:1.92%;--awb-spacing-left-medium:1.92%;--awb-width-small:100%;--awb-order-small:0;--awb-spacing-right-small:1.92%;--awb-spacing-left-small:1.92%;\"><div class=\"fusion-column-wrapper fusion-column-has-shadow fusion-flex-justify-content-flex-start fusion-content-layout-column\"><div class=\"fusion-image-element \" style=\"--awb-caption-title-font-family:var(--h2_typography-font-family);--awb-caption-title-font-weight:var(--h2_typography-font-weight);--awb-caption-title-font-style:var(--h2_typography-font-style);--awb-caption-title-size:var(--h2_typography-font-size);--awb-caption-title-transform:var(--h2_typography-text-transform);--awb-caption-title-line-height:var(--h2_typography-line-height);--awb-caption-title-letter-spacing:var(--h2_typography-letter-spacing);\"><span class=\" fusion-imageframe imageframe-none imageframe-4 hover-type-none\"><img loading=\"lazy\" loading=\"lazy\" decoding=\"async\" width=\"300\" height=\"217\" title=\"IMG_6103_zugeschnitten\" src=\"https:\/\/roesch-kuechen.ch\/wp\/wp-content\/uploads\/2020\/06\/IMG_6103_zugeschnitten-scaled.jpg\" data-orig-src=\"https:\/\/roesch-kuechen.ch\/wp\/wp-content\/uploads\/2020\/06\/IMG_6103_zugeschnitten-300x217.jpg\" alt class=\"lazyload img-responsive wp-image-3518\" srcset=\"data:image\/svg+xml,%3Csvg%20xmlns%3D%27http%3A%2F%2Fwww.w3.org%2F2000%2Fsvg%27%20width%3D%272560%27%20height%3D%271853%27%20viewBox%3D%270%200%202560%201853%27%3E%3Crect%20width%3D%272560%27%20height%3D%271853%27%20fill-opacity%3D%220%22%2F%3E%3C%2Fsvg%3E\" data-srcset=\"https:\/\/roesch-kuechen.ch\/wp\/wp-content\/uploads\/2020\/06\/IMG_6103_zugeschnitten-200x145.jpg 200w, https:\/\/roesch-kuechen.ch\/wp\/wp-content\/uploads\/2020\/06\/IMG_6103_zugeschnitten-400x290.jpg 400w, https:\/\/roesch-kuechen.ch\/wp\/wp-content\/uploads\/2020\/06\/IMG_6103_zugeschnitten-600x434.jpg 600w, https:\/\/roesch-kuechen.ch\/wp\/wp-content\/uploads\/2020\/06\/IMG_6103_zugeschnitten-800x579.jpg 800w, https:\/\/roesch-kuechen.ch\/wp\/wp-content\/uploads\/2020\/06\/IMG_6103_zugeschnitten-1200x869.jpg 1200w\" data-sizes=\"auto\" data-orig-sizes=\"(max-width: 1024px) 100vw, (max-width: 640px) 100vw, 600px\" \/><\/span><\/div><\/div><\/div><\/div><\/div><div class=\"fusion-fullwidth fullwidth-box fusion-builder-row-4 fusion-flex-container nonhundred-percent-fullwidth non-hundred-percent-height-scrolling\" style=\"--awb-border-radius-top-left:0px;--awb-border-radius-top-right:0px;--awb-border-radius-bottom-right:0px;--awb-border-radius-bottom-left:0px;--awb-flex-wrap:wrap;\" ><div class=\"fusion-builder-row fusion-row fusion-flex-align-items-flex-start fusion-flex-content-wrap\" style=\"max-width:1144px;margin-left: calc(-4% \/ 2 );margin-right: calc(-4% \/ 2 );\"><div class=\"fusion-layout-column fusion_builder_column fusion-builder-column-6 fusion_builder_column_1_1 1_1 fusion-flex-column\" style=\"--awb-bg-size:cover;--awb-width-large:100%;--awb-margin-top-large:0px;--awb-spacing-right-large:1.92%;--awb-margin-bottom-large:20px;--awb-spacing-left-large:1.92%;--awb-width-medium:100%;--awb-order-medium:0;--awb-spacing-right-medium:1.92%;--awb-spacing-left-medium:1.92%;--awb-width-small:100%;--awb-order-small:0;--awb-spacing-right-small:1.92%;--awb-spacing-left-small:1.92%;\"><div class=\"fusion-column-wrapper fusion-column-has-shadow fusion-flex-justify-content-flex-start fusion-content-layout-column\"><div class=\"fusion-text fusion-text-3\"><div class=\"layoutArea\">\n<p><strong>Begehbarer Kleiderschrank<\/strong><\/p>\n<p>Ein kleiner Luxus und der Traum vieler: Ein grossz\u00fcgiges Reduit, versteckt hinter einer K\u00fcchenfront\u2026.oder eine stilvoller begehbarer Kleiderschrank. Mit der richtigen Planung und unserem Know-how erhalten Sie bei uns wahre Stauraumwunder, die auf stilvolle Weise Ordnung in Ihr Leben bringen.<\/p>\n<\/div>\n<p><strong>Garderobe<\/strong><\/p>\n<p>Die Garderobe soll sich von der sch\u00f6nsten Seite zeigen. Ausserdem nimmt sie uns beim Heimkommen den ersten Ballast ab. Deshalb m\u00fcssen clevere L\u00f6sungen her, die viel versprechen und viel halten.<\/p>\n<\/div><\/div><\/div><div class=\"fusion-layout-column fusion_builder_column fusion-builder-column-7 fusion_builder_column_1_2 1_2 fusion-flex-column\" style=\"--awb-bg-size:cover;--awb-width-large:50%;--awb-margin-top-large:0px;--awb-spacing-right-large:3.84%;--awb-margin-bottom-large:20px;--awb-spacing-left-large:3.84%;--awb-width-medium:100%;--awb-order-medium:0;--awb-spacing-right-medium:1.92%;--awb-spacing-left-medium:1.92%;--awb-width-small:100%;--awb-order-small:0;--awb-spacing-right-small:1.92%;--awb-spacing-left-small:1.92%;\"><div class=\"fusion-column-wrapper fusion-column-has-shadow fusion-flex-justify-content-flex-start fusion-content-layout-column\"><div class=\"fusion-image-element \" style=\"--awb-caption-title-font-family:var(--h2_typography-font-family);--awb-caption-title-font-weight:var(--h2_typography-font-weight);--awb-caption-title-font-style:var(--h2_typography-font-style);--awb-caption-title-size:var(--h2_typography-font-size);--awb-caption-title-transform:var(--h2_typography-text-transform);--awb-caption-title-line-height:var(--h2_typography-line-height);--awb-caption-title-letter-spacing:var(--h2_typography-letter-spacing);\"><span class=\" fusion-imageframe imageframe-none imageframe-5 hover-type-none\"><img loading=\"lazy\" loading=\"lazy\" decoding=\"async\" width=\"300\" height=\"300\" title=\"Peka Ankleide\" src=\"https:\/\/roesch-kuechen.ch\/wp\/wp-content\/uploads\/2021\/06\/Peka-Ankleide.jpg\" data-orig-src=\"https:\/\/roesch-kuechen.ch\/wp\/wp-content\/uploads\/2021\/06\/Peka-Ankleide-300x300.jpg\" alt class=\"lazyload img-responsive wp-image-3869\" srcset=\"data:image\/svg+xml,%3Csvg%20xmlns%3D%27http%3A%2F%2Fwww.w3.org%2F2000%2Fsvg%27%20width%3D%27800%27%20height%3D%27800%27%20viewBox%3D%270%200%20800%20800%27%3E%3Crect%20width%3D%27800%27%20height%3D%27800%27%20fill-opacity%3D%220%22%2F%3E%3C%2Fsvg%3E\" data-srcset=\"https:\/\/roesch-kuechen.ch\/wp\/wp-content\/uploads\/2021\/06\/Peka-Ankleide-200x200.jpg 200w, https:\/\/roesch-kuechen.ch\/wp\/wp-content\/uploads\/2021\/06\/Peka-Ankleide-400x400.jpg 400w, https:\/\/roesch-kuechen.ch\/wp\/wp-content\/uploads\/2021\/06\/Peka-Ankleide-600x600.jpg 600w, https:\/\/roesch-kuechen.ch\/wp\/wp-content\/uploads\/2021\/06\/Peka-Ankleide.jpg 800w\" data-sizes=\"auto\" data-orig-sizes=\"(max-width: 1024px) 100vw, (max-width: 640px) 100vw, 600px\" \/><\/span><\/div><\/div><\/div><div class=\"fusion-layout-column fusion_builder_column fusion-builder-column-8 fusion_builder_column_1_2 1_2 fusion-flex-column\" style=\"--awb-bg-size:cover;--awb-width-large:50%;--awb-margin-top-large:0px;--awb-spacing-right-large:3.84%;--awb-margin-bottom-large:20px;--awb-spacing-left-large:3.84%;--awb-width-medium:100%;--awb-order-medium:0;--awb-spacing-right-medium:1.92%;--awb-spacing-left-medium:1.92%;--awb-width-small:100%;--awb-order-small:0;--awb-spacing-right-small:1.92%;--awb-spacing-left-small:1.92%;\"><div class=\"fusion-column-wrapper fusion-column-has-shadow fusion-flex-justify-content-flex-start fusion-content-layout-column\"><div class=\"fusion-image-element \" style=\"--awb-caption-title-font-family:var(--h2_typography-font-family);--awb-caption-title-font-weight:var(--h2_typography-font-weight);--awb-caption-title-font-style:var(--h2_typography-font-style);--awb-caption-title-size:var(--h2_typography-font-size);--awb-caption-title-transform:var(--h2_typography-text-transform);--awb-caption-title-line-height:var(--h2_typography-line-height);--awb-caption-title-letter-spacing:var(--h2_typography-letter-spacing);\"><span class=\" fusion-imageframe imageframe-none imageframe-6 hover-type-none\"><img loading=\"lazy\" loading=\"lazy\" decoding=\"async\" width=\"300\" height=\"200\" title=\"6-15\" src=\"https:\/\/roesch-kuechen.ch\/wp\/wp-content\/uploads\/2021\/06\/6-15-scaled.jpg\" data-orig-src=\"https:\/\/roesch-kuechen.ch\/wp\/wp-content\/uploads\/2021\/06\/6-15-300x200.jpg\" alt class=\"lazyload img-responsive wp-image-3870\" srcset=\"data:image\/svg+xml,%3Csvg%20xmlns%3D%27http%3A%2F%2Fwww.w3.org%2F2000%2Fsvg%27%20width%3D%272560%27%20height%3D%271703%27%20viewBox%3D%270%200%202560%201703%27%3E%3Crect%20width%3D%272560%27%20height%3D%271703%27%20fill-opacity%3D%220%22%2F%3E%3C%2Fsvg%3E\" data-srcset=\"https:\/\/roesch-kuechen.ch\/wp\/wp-content\/uploads\/2021\/06\/6-15-200x133.jpg 200w, https:\/\/roesch-kuechen.ch\/wp\/wp-content\/uploads\/2021\/06\/6-15-400x266.jpg 400w, https:\/\/roesch-kuechen.ch\/wp\/wp-content\/uploads\/2021\/06\/6-15-600x399.jpg 600w, https:\/\/roesch-kuechen.ch\/wp\/wp-content\/uploads\/2021\/06\/6-15-800x532.jpg 800w, https:\/\/roesch-kuechen.ch\/wp\/wp-content\/uploads\/2021\/06\/6-15-1200x798.jpg 1200w\" data-sizes=\"auto\" data-orig-sizes=\"(max-width: 1024px) 100vw, (max-width: 640px) 100vw, 600px\" \/><\/span><\/div><\/div><\/div><\/div><\/div><div class=\"fusion-fullwidth fullwidth-box fusion-builder-row-5 fusion-flex-container nonhundred-percent-fullwidth non-hundred-percent-height-scrolling\" style=\"--awb-border-radius-top-left:0px;--awb-border-radius-top-right:0px;--awb-border-radius-bottom-right:0px;--awb-border-radius-bottom-left:0px;--awb-flex-wrap:wrap;\" ><div class=\"fusion-builder-row fusion-row fusion-flex-align-items-flex-start fusion-flex-content-wrap\" style=\"max-width:1144px;margin-left: calc(-4% \/ 2 );margin-right: calc(-4% \/ 2 );\"><div class=\"fusion-layout-column fusion_builder_column fusion-builder-column-9 fusion_builder_column_1_1 1_1 fusion-flex-column\" style=\"--awb-bg-size:cover;--awb-width-large:100%;--awb-margin-top-large:0px;--awb-spacing-right-large:1.92%;--awb-margin-bottom-large:20px;--awb-spacing-left-large:1.92%;--awb-width-medium:100%;--awb-order-medium:0;--awb-spacing-right-medium:1.92%;--awb-spacing-left-medium:1.92%;--awb-width-small:100%;--awb-order-small:0;--awb-spacing-right-small:1.92%;--awb-spacing-left-small:1.92%;\"><div class=\"fusion-column-wrapper fusion-column-has-shadow fusion-flex-justify-content-flex-start fusion-content-layout-column\"><div class=\"fusion-text fusion-text-4\"><div class=\"layoutArea\"><\/div>\n<p><strong>Der Traum aller Hausfrauen \u2013 ein individueller und multifunktionaler Hauswirtschaftsraum<\/strong><\/p>\n<p>Auch ein perfekt gestalteter Wirtschaftsraum erleichtert die Hausarbeit erheblich und ist der Traum jeder Hausfrau und jedes Hausmanns. Stauraum und alles was es braucht\u2026und mit praktischen Tablarausz\u00fcgen geh\u00f6rt auch das m\u00fchsame B\u00fccken der Vergangenheit an.<\/p>\n<p>Wir haben noch viele weitere Ideen. Kommen Sie doch bei uns vorbei und lassen sich beraten. Damit auch Ihre Wohntr\u00e4ume bald Wirklichkeit werden. Das ganze r\u00f6sch k\u00fcchen Team freut sich auf Sie.<\/p>\n<\/div><\/div><\/div><div class=\"fusion-layout-column fusion_builder_column fusion-builder-column-10 fusion_builder_column_1_2 1_2 fusion-flex-column\" style=\"--awb-bg-size:cover;--awb-width-large:50%;--awb-margin-top-large:0px;--awb-spacing-right-large:3.84%;--awb-margin-bottom-large:20px;--awb-spacing-left-large:3.84%;--awb-width-medium:100%;--awb-order-medium:0;--awb-spacing-right-medium:1.92%;--awb-spacing-left-medium:1.92%;--awb-width-small:100%;--awb-order-small:0;--awb-spacing-right-small:1.92%;--awb-spacing-left-small:1.92%;\"><div class=\"fusion-column-wrapper fusion-column-has-shadow fusion-flex-justify-content-flex-start fusion-content-layout-column\"><div class=\"fusion-image-element \" style=\"--awb-caption-title-font-family:var(--h2_typography-font-family);--awb-caption-title-font-weight:var(--h2_typography-font-weight);--awb-caption-title-font-style:var(--h2_typography-font-style);--awb-caption-title-size:var(--h2_typography-font-size);--awb-caption-title-transform:var(--h2_typography-text-transform);--awb-caption-title-line-height:var(--h2_typography-line-height);--awb-caption-title-letter-spacing:var(--h2_typography-letter-spacing);\"><span class=\" fusion-imageframe imageframe-none imageframe-7 hover-type-none\"><img loading=\"lazy\" loading=\"lazy\" decoding=\"async\" width=\"300\" height=\"225\" title=\"IMG_6107\" src=\"https:\/\/roesch-kuechen.ch\/wp\/wp-content\/uploads\/2020\/06\/IMG_6107-scaled.jpg\" data-orig-src=\"https:\/\/roesch-kuechen.ch\/wp\/wp-content\/uploads\/2020\/06\/IMG_6107-300x225.jpg\" alt class=\"lazyload img-responsive wp-image-3519\" srcset=\"data:image\/svg+xml,%3Csvg%20xmlns%3D%27http%3A%2F%2Fwww.w3.org%2F2000%2Fsvg%27%20width%3D%272560%27%20height%3D%271920%27%20viewBox%3D%270%200%202560%201920%27%3E%3Crect%20width%3D%272560%27%20height%3D%271920%27%20fill-opacity%3D%220%22%2F%3E%3C%2Fsvg%3E\" data-srcset=\"https:\/\/roesch-kuechen.ch\/wp\/wp-content\/uploads\/2020\/06\/IMG_6107-200x150.jpg 200w, https:\/\/roesch-kuechen.ch\/wp\/wp-content\/uploads\/2020\/06\/IMG_6107-400x300.jpg 400w, https:\/\/roesch-kuechen.ch\/wp\/wp-content\/uploads\/2020\/06\/IMG_6107-600x450.jpg 600w, https:\/\/roesch-kuechen.ch\/wp\/wp-content\/uploads\/2020\/06\/IMG_6107-800x600.jpg 800w, https:\/\/roesch-kuechen.ch\/wp\/wp-content\/uploads\/2020\/06\/IMG_6107-1200x900.jpg 1200w\" data-sizes=\"auto\" data-orig-sizes=\"(max-width: 1024px) 100vw, (max-width: 640px) 100vw, 600px\" \/><\/span><\/div><\/div><\/div><div class=\"fusion-layout-column fusion_builder_column fusion-builder-column-11 fusion_builder_column_1_2 1_2 fusion-flex-column\" style=\"--awb-bg-size:cover;--awb-width-large:50%;--awb-margin-top-large:0px;--awb-spacing-right-large:3.84%;--awb-margin-bottom-large:20px;--awb-spacing-left-large:3.84%;--awb-width-medium:100%;--awb-order-medium:0;--awb-spacing-right-medium:1.92%;--awb-spacing-left-medium:1.92%;--awb-width-small:100%;--awb-order-small:0;--awb-spacing-right-small:1.92%;--awb-spacing-left-small:1.92%;\"><div class=\"fusion-column-wrapper fusion-column-has-shadow fusion-flex-justify-content-flex-start fusion-content-layout-column\"><div class=\"fusion-image-element \" style=\"--awb-caption-title-font-family:var(--h2_typography-font-family);--awb-caption-title-font-weight:var(--h2_typography-font-weight);--awb-caption-title-font-style:var(--h2_typography-font-style);--awb-caption-title-size:var(--h2_typography-font-size);--awb-caption-title-transform:var(--h2_typography-text-transform);--awb-caption-title-line-height:var(--h2_typography-line-height);--awb-caption-title-letter-spacing:var(--h2_typography-letter-spacing);\"><span class=\" fusion-imageframe imageframe-none imageframe-8 hover-type-none\"><img loading=\"lazy\" loading=\"lazy\" decoding=\"async\" width=\"300\" height=\"225\" title=\"IMG_6102\" src=\"https:\/\/roesch-kuechen.ch\/wp\/wp-content\/uploads\/2020\/06\/IMG_6102-scaled.jpg\" data-orig-src=\"https:\/\/roesch-kuechen.ch\/wp\/wp-content\/uploads\/2020\/06\/IMG_6102-300x225.jpg\" alt class=\"lazyload img-responsive wp-image-3517\" srcset=\"data:image\/svg+xml,%3Csvg%20xmlns%3D%27http%3A%2F%2Fwww.w3.org%2F2000%2Fsvg%27%20width%3D%272560%27%20height%3D%271920%27%20viewBox%3D%270%200%202560%201920%27%3E%3Crect%20width%3D%272560%27%20height%3D%271920%27%20fill-opacity%3D%220%22%2F%3E%3C%2Fsvg%3E\" data-srcset=\"https:\/\/roesch-kuechen.ch\/wp\/wp-content\/uploads\/2020\/06\/IMG_6102-200x150.jpg 200w, https:\/\/roesch-kuechen.ch\/wp\/wp-content\/uploads\/2020\/06\/IMG_6102-400x300.jpg 400w, https:\/\/roesch-kuechen.ch\/wp\/wp-content\/uploads\/2020\/06\/IMG_6102-600x450.jpg 600w, https:\/\/roesch-kuechen.ch\/wp\/wp-content\/uploads\/2020\/06\/IMG_6102-800x600.jpg 800w, https:\/\/roesch-kuechen.ch\/wp\/wp-content\/uploads\/2020\/06\/IMG_6102-1200x900.jpg 1200w\" data-sizes=\"auto\" data-orig-sizes=\"(max-width: 1024px) 100vw, (max-width: 640px) 100vw, 600px\" \/><\/span><\/div><\/div><\/div><\/div><\/div><div class=\"fusion-fullwidth fullwidth-box fusion-builder-row-6 fusion-flex-container nonhundred-percent-fullwidth non-hundred-percent-height-scrolling\" style=\"--awb-border-radius-top-left:0px;--awb-border-radius-top-right:0px;--awb-border-radius-bottom-right:0px;--awb-border-radius-bottom-left:0px;--awb-flex-wrap:wrap;\" ><div class=\"fusion-builder-row fusion-row fusion-flex-align-items-flex-start fusion-flex-content-wrap\" style=\"max-width:1144px;margin-left: calc(-4% \/ 2 );margin-right: calc(-4% \/ 2 );\"><div class=\"fusion-layout-column fusion_builder_column fusion-builder-column-12 fusion_builder_column_1_2 1_2 fusion-flex-column\" style=\"--awb-bg-size:cover;--awb-width-large:50%;--awb-margin-top-large:0px;--awb-spacing-right-large:3.84%;--awb-margin-bottom-large:20px;--awb-spacing-left-large:3.84%;--awb-width-medium:100%;--awb-order-medium:0;--awb-spacing-right-medium:1.92%;--awb-spacing-left-medium:1.92%;--awb-width-small:100%;--awb-order-small:0;--awb-spacing-right-small:1.92%;--awb-spacing-left-small:1.92%;\"><div class=\"fusion-column-wrapper fusion-column-has-shadow fusion-flex-justify-content-flex-start fusion-content-layout-column\"><\/div><\/div><div class=\"fusion-layout-column fusion_builder_column fusion-builder-column-13 fusion_builder_column_1_2 1_2 fusion-flex-column\" style=\"--awb-bg-size:cover;--awb-width-large:50%;--awb-margin-top-large:0px;--awb-spacing-right-large:3.84%;--awb-margin-bottom-large:20px;--awb-spacing-left-large:3.84%;--awb-width-medium:100%;--awb-order-medium:0;--awb-spacing-right-medium:1.92%;--awb-spacing-left-medium:1.92%;--awb-width-small:100%;--awb-order-small:0;--awb-spacing-right-small:1.92%;--awb-spacing-left-small:1.92%;\"><div class=\"fusion-column-wrapper fusion-column-has-shadow fusion-flex-justify-content-flex-start fusion-content-layout-column\"><\/div><\/div><\/div><\/div><\/p>\n","protected":false},"excerpt":{"rendered":"","protected":false},"author":5,"featured_media":3868,"comment_status":"closed","ping_status":"open","sticky":false,"template":"","format":"standard","meta":{"footnotes":""},"categories":[1],"tags":[],"class_list":["post-3866","post","type-post","status-publish","format-standard","has-post-thumbnail","hentry","category-allgemein"],"_links":{"self":[{"href":"https:\/\/roesch-kuechen.ch\/wp\/wp-json\/wp\/v2\/posts\/3866","targetHints":{"allow":["GET"]}}],"collection":[{"href":"https:\/\/roesch-kuechen.ch\/wp\/wp-json\/wp\/v2\/posts"}],"about":[{"href":"https:\/\/roesch-kuechen.ch\/wp\/wp-json\/wp\/v2\/types\/post"}],"author":[{"embeddable":true,"href":"https:\/\/roesch-kuechen.ch\/wp\/wp-json\/wp\/v2\/users\/5"}],"replies":[{"embeddable":true,"href":"https:\/\/roesch-kuechen.ch\/wp\/wp-json\/wp\/v2\/comments?post=3866"}],"version-history":[{"count":8,"href":"https:\/\/roesch-kuechen.ch\/wp\/wp-json\/wp\/v2\/posts\/3866\/revisions"}],"predecessor-version":[{"id":3878,"href":"https:\/\/roesch-kuechen.ch\/wp\/wp-json\/wp\/v2\/posts\/3866\/revisions\/3878"}],"wp:featuredmedia":[{"embeddable":true,"href":"https:\/\/roesch-kuechen.ch\/wp\/wp-json\/wp\/v2\/media\/3868"}],"wp:attachment":[{"href":"https:\/\/roesch-kuechen.ch\/wp\/wp-json\/wp\/v2\/media?parent=3866"}],"wp:term":[{"taxonomy":"category","embeddable":true,"href":"https:\/\/roesch-kuechen.ch\/wp\/wp-json\/wp\/v2\/categories?post=3866"},{"taxonomy":"post_tag","embeddable":true,"href":"https:\/\/roesch-kuechen.ch\/wp\/wp-json\/wp\/v2\/tags?post=3866"}],"curies":[{"name":"wp","href":"https:\/\/api.w.org\/{rel}","templated":true}]}}