{"id":3962,"date":"2021-11-15T13:18:06","date_gmt":"2021-11-15T12:18:06","guid":{"rendered":"https:\/\/roesch-kuechen.ch\/wp\/?p=3962"},"modified":"2022-02-28T16:31:45","modified_gmt":"2022-02-28T15:31:45","slug":"jubilaeum-nicolas-emch","status":"publish","type":"post","link":"https:\/\/roesch-kuechen.ch\/wp\/jubilaeum-nicolas-emch\/","title":{"rendered":"Jubil\u00e4um Nicolas Emch"},"content":{"rendered":"<p><div class=\"fusion-fullwidth fullwidth-box fusion-builder-row-1 fusion-flex-container nonhundred-percent-fullwidth non-hundred-percent-height-scrolling\" style=\"--awb-border-radius-top-left:0px;--awb-border-radius-top-right:0px;--awb-border-radius-bottom-right:0px;--awb-border-radius-bottom-left:0px;--awb-flex-wrap:wrap;\" ><div class=\"fusion-builder-row fusion-row fusion-flex-align-items-flex-start fusion-flex-content-wrap\" style=\"max-width:1144px;margin-left: calc(-4% \/ 2 );margin-right: calc(-4% \/ 2 );\"><div class=\"fusion-layout-column fusion_builder_column fusion-builder-column-0 fusion_builder_column_1_2 1_2 fusion-flex-column\" style=\"--awb-bg-size:cover;--awb-width-large:50%;--awb-margin-top-large:0px;--awb-spacing-right-large:3.84%;--awb-margin-bottom-large:20px;--awb-spacing-left-large:3.84%;--awb-width-medium:100%;--awb-order-medium:0;--awb-spacing-right-medium:1.92%;--awb-spacing-left-medium:1.92%;--awb-width-small:100%;--awb-order-small:0;--awb-spacing-right-small:1.92%;--awb-spacing-left-small:1.92%;\"><div class=\"fusion-column-wrapper fusion-column-has-shadow fusion-flex-justify-content-flex-start fusion-content-layout-column\"><div class=\"fusion-image-element \" style=\"--awb-caption-title-font-family:var(--h2_typography-font-family);--awb-caption-title-font-weight:var(--h2_typography-font-weight);--awb-caption-title-font-style:var(--h2_typography-font-style);--awb-caption-title-size:var(--h2_typography-font-size);--awb-caption-title-transform:var(--h2_typography-text-transform);--awb-caption-title-line-height:var(--h2_typography-line-height);--awb-caption-title-letter-spacing:var(--h2_typography-letter-spacing);\"><span class=\" fusion-imageframe imageframe-none imageframe-1 hover-type-none\"><img fetchpriority=\"high\" fetchpriority=\"high\" decoding=\"async\" width=\"575\" height=\"437\" title=\"Foto Nicolas\" src=\"https:\/\/roesch-kuechen.ch\/wp\/wp-content\/uploads\/2021\/11\/Foto-Nicolas-e1646059391318.jpg\" data-orig-src=\"https:\/\/roesch-kuechen.ch\/wp\/wp-content\/uploads\/2021\/11\/Foto-Nicolas-e1646059391318.jpg\" alt class=\"lazyload img-responsive wp-image-3965\" srcset=\"data:image\/svg+xml,%3Csvg%20xmlns%3D%27http%3A%2F%2Fwww.w3.org%2F2000%2Fsvg%27%20width%3D%27575%27%20height%3D%27437%27%20viewBox%3D%270%200%20575%20437%27%3E%3Crect%20width%3D%27575%27%20height%3D%27437%27%20fill-opacity%3D%220%22%2F%3E%3C%2Fsvg%3E\" data-srcset=\"https:\/\/roesch-kuechen.ch\/wp\/wp-content\/uploads\/2021\/11\/Foto-Nicolas-e1646059391318-200x152.jpg 200w, https:\/\/roesch-kuechen.ch\/wp\/wp-content\/uploads\/2021\/11\/Foto-Nicolas-e1646059391318-400x304.jpg 400w, https:\/\/roesch-kuechen.ch\/wp\/wp-content\/uploads\/2021\/11\/Foto-Nicolas-e1646059391318.jpg 575w\" data-sizes=\"auto\" data-orig-sizes=\"(max-width: 1024px) 100vw, (max-width: 640px) 100vw, 575px\" \/><\/span><\/div><\/div><\/div><div class=\"fusion-layout-column fusion_builder_column fusion-builder-column-1 fusion_builder_column_1_2 1_2 fusion-flex-column\" style=\"--awb-bg-size:cover;--awb-width-large:50%;--awb-margin-top-large:0px;--awb-spacing-right-large:3.84%;--awb-margin-bottom-large:20px;--awb-spacing-left-large:3.84%;--awb-width-medium:100%;--awb-order-medium:0;--awb-spacing-right-medium:1.92%;--awb-spacing-left-medium:1.92%;--awb-width-small:100%;--awb-order-small:0;--awb-spacing-right-small:1.92%;--awb-spacing-left-small:1.92%;\"><div class=\"fusion-column-wrapper fusion-column-has-shadow fusion-flex-justify-content-flex-start fusion-content-layout-column\"><div class=\"fusion-text fusion-text-1\"><p><strong>Probleme sind da, um sie zu l\u00f6sen<\/strong><\/p>\n<p>\u2026das k\u00f6nnte das ewige Motto von Nicolas Emch sein. Wir sind sehr stolz, Nicolas seit 15 Jahren in unserem r\u00f6sch-k\u00fcchen-Team zu haben und freuen uns auf viele weitere Jahre erfolgreicher Zusammenarbeit!<\/p>\n<p>Kreativ, sympathisch und mit hohem Fachwissen ber\u00e4t und begleitet Nicolas unsere Kunden und realisiert Ihre K\u00fcchen- und Wohn(t)r\u00e4ume. Er hat f\u00fcr alles eine L\u00f6sung und nimmt jede Herausforderung an. Als gesch\u00e4tztes Mitglied der Gesch\u00e4ftsleitung, durch sein unternehmerisches Denken und sein grosses Interesse an seiner Arbeit hat Nicolas in diesen 15 Jahren aktiv zum Erfolg unserer Firma beigetragen. Er \u00fcberrascht uns immer wieder mit innovativen Ideen und kreativen L\u00f6sungsans\u00e4tzen. Sein offenes Lachen und seinen Humor zeichnen ihn aus und m\u00f6chten wir nicht mehr missen.<\/p>\n<p><strong><em>Wir gratulieren Nicolas zu seinem nicht allt\u00e4glichen Dienstjubil\u00e4um und danken ihm von Herzen f\u00fcr seine langj\u00e4hrige und engagierte Mitarbeit!<\/em><\/strong><\/p>\n<\/div><\/div><\/div><\/div><\/div><div class=\"fusion-fullwidth fullwidth-box fusion-builder-row-2 fusion-flex-container nonhundred-percent-fullwidth non-hundred-percent-height-scrolling\" style=\"--awb-border-radius-top-left:0px;--awb-border-radius-top-right:0px;--awb-border-radius-bottom-right:0px;--awb-border-radius-bottom-left:0px;--awb-flex-wrap:wrap;\" ><div class=\"fusion-builder-row fusion-row fusion-flex-align-items-flex-start fusion-flex-content-wrap\" style=\"max-width:1144px;margin-left: calc(-4% \/ 2 );margin-right: calc(-4% \/ 2 );\"><div class=\"fusion-layout-column fusion_builder_column fusion-builder-column-2 fusion_builder_column_1_2 1_2 fusion-flex-column\" style=\"--awb-bg-size:cover;--awb-width-large:50%;--awb-margin-top-large:0px;--awb-spacing-right-large:3.84%;--awb-margin-bottom-large:20px;--awb-spacing-left-large:3.84%;--awb-width-medium:100%;--awb-order-medium:0;--awb-spacing-right-medium:1.92%;--awb-spacing-left-medium:1.92%;--awb-width-small:100%;--awb-order-small:0;--awb-spacing-right-small:1.92%;--awb-spacing-left-small:1.92%;\"><div class=\"fusion-column-wrapper fusion-column-has-shadow fusion-flex-justify-content-flex-start fusion-content-layout-column\"><div class=\"fusion-image-element \" style=\"--awb-caption-title-font-family:var(--h2_typography-font-family);--awb-caption-title-font-weight:var(--h2_typography-font-weight);--awb-caption-title-font-style:var(--h2_typography-font-style);--awb-caption-title-size:var(--h2_typography-font-size);--awb-caption-title-transform:var(--h2_typography-text-transform);--awb-caption-title-line-height:var(--h2_typography-line-height);--awb-caption-title-letter-spacing:var(--h2_typography-letter-spacing);\"><span class=\" fusion-imageframe imageframe-none imageframe-2 hover-type-none\"><img decoding=\"async\" width=\"782\" height=\"988\" title=\"Fehlmann Ren\u00e9_Portrait\" src=\"https:\/\/roesch-kuechen.ch\/wp\/wp-content\/uploads\/2021\/11\/Fehlmann-Rene_Portrait.jpg\" data-orig-src=\"https:\/\/roesch-kuechen.ch\/wp\/wp-content\/uploads\/2021\/11\/Fehlmann-Rene_Portrait.jpg\" alt class=\"lazyload img-responsive wp-image-3967\" srcset=\"data:image\/svg+xml,%3Csvg%20xmlns%3D%27http%3A%2F%2Fwww.w3.org%2F2000%2Fsvg%27%20width%3D%27782%27%20height%3D%27988%27%20viewBox%3D%270%200%20782%20988%27%3E%3Crect%20width%3D%27782%27%20height%3D%27988%27%20fill-opacity%3D%220%22%2F%3E%3C%2Fsvg%3E\" data-srcset=\"https:\/\/roesch-kuechen.ch\/wp\/wp-content\/uploads\/2021\/11\/Fehlmann-Rene_Portrait-200x253.jpg 200w, https:\/\/roesch-kuechen.ch\/wp\/wp-content\/uploads\/2021\/11\/Fehlmann-Rene_Portrait-400x505.jpg 400w, https:\/\/roesch-kuechen.ch\/wp\/wp-content\/uploads\/2021\/11\/Fehlmann-Rene_Portrait-600x758.jpg 600w, https:\/\/roesch-kuechen.ch\/wp\/wp-content\/uploads\/2021\/11\/Fehlmann-Rene_Portrait.jpg 782w\" data-sizes=\"auto\" data-orig-sizes=\"(max-width: 1024px) 100vw, (max-width: 640px) 100vw, 600px\" \/><\/span><\/div><\/div><\/div><div class=\"fusion-layout-column fusion_builder_column fusion-builder-column-3 fusion_builder_column_1_2 1_2 fusion-flex-column\" style=\"--awb-bg-size:cover;--awb-width-large:50%;--awb-margin-top-large:0px;--awb-spacing-right-large:3.84%;--awb-margin-bottom-large:20px;--awb-spacing-left-large:3.84%;--awb-width-medium:100%;--awb-order-medium:0;--awb-spacing-right-medium:1.92%;--awb-spacing-left-medium:1.92%;--awb-width-small:100%;--awb-order-small:0;--awb-spacing-right-small:1.92%;--awb-spacing-left-small:1.92%;\"><div class=\"fusion-column-wrapper fusion-column-has-shadow fusion-flex-justify-content-flex-start fusion-content-layout-column\"><div class=\"fusion-text fusion-text-2\"><p><strong>Neu in unserem r\u00f6sch-k\u00fcchen-Team und herzlich Willkommen<\/strong><\/p>\n<p>Seit einiger Zeit unterst\u00fctzt uns Ren\u00e9 Fehlmann tatkr\u00e4ftig in der Projektleitung. Wir freuen uns sehr, dass wir ihn als wertvollen und kompetenten Mitarbeiter gewinnen konnten.<\/p>\n<p>Nachdem Ren\u00e9 die Lehre als Schreiner erfolgreich absolviert hatte, war er viele Jahre als Schreiner in der Werkstatt sowie auf der Baustelle unterwegs.<\/p>\n<p>Nach dem Abschluss der Handelsschule wechselte er ins B\u00fcro und sammelte umfangreiche \u00a0Erfahrungen im K\u00fcchenbau.<\/p>\n<\/div><\/div><\/div><div class=\"fusion-layout-column fusion_builder_column fusion-builder-column-4 fusion_builder_column_1_1 1_1 fusion-flex-column\" style=\"--awb-bg-size:cover;--awb-width-large:100%;--awb-margin-top-large:0px;--awb-spacing-right-large:1.92%;--awb-margin-bottom-large:20px;--awb-spacing-left-large:1.92%;--awb-width-medium:100%;--awb-order-medium:0;--awb-spacing-right-medium:1.92%;--awb-spacing-left-medium:1.92%;--awb-width-small:100%;--awb-order-small:0;--awb-spacing-right-small:1.92%;--awb-spacing-left-small:1.92%;\"><div class=\"fusion-column-wrapper fusion-column-has-shadow fusion-flex-justify-content-flex-start fusion-content-layout-column\"><div class=\"fusion-text fusion-text-3\"><p><em>Ren\u00e9, was gef\u00e4llt Dir an deiner Arbeit als Projektleiter am besten?<\/em><\/p>\n<p>Jede K\u00fcche, jede Garderobe und jeder Schrank ist einzigartig, individuell und eine neue Herausforderung. Die Abwechslung der Projekte ist extrem interessant, vielseitig und spannend. Kein Tag ist wie der andere. Der Kontakt mit Privatkunden, Investoren und Lieferanten gefallen mir sehr und runden meine kreative T\u00e4tigkeit perfekt ab.<\/p>\n<p><em>Was geh\u00f6rt unbedingt in (d)eine K\u00fcche?<\/em><\/p>\n<p>Qualitativ hochwertige Pfannen und scharfe Messer sind f\u00fcr mich ein absolutes Muss! Doch die Raffinesse in meiner K\u00fcche liegt im gekonnten Farb-, Material- und Licht-Mix. Die K\u00fcchenfront mit samtig angenehmer Haptik und Anti-Fingerprint-Beschichtung wirkt edel und ist \u00e4usserst pflegeleicht. Ausserdem lege ich grossen Wert auf die richtige Arbeitsh\u00f6he, gen\u00fcgend und optimal genutzten Stauraum und viel Arbeitsfl\u00e4che. Durch innovative Innenausstattungen kann ich all meine \u201ekleinen Helfer\u201c rutsch- und klapperfest aufbewahren.<\/p>\n<p><em>Was zeichnet deiner Meinung nach das r\u00f6sch-k\u00fcchen-Team besonders aus?<\/em><\/p>\n<p>Mir gef\u00e4llt der famili\u00e4re und enge Austausch im Team. Jeder hat pers\u00f6nliche St\u00e4rken, wovon wir laufend profitieren und dazulernen k\u00f6nnen. Die Firma ist \u00e4usserst\u00a0 innovativ, modern und gut organisiert. Die gegenseitige Unterst\u00fctzung ist selbstverst\u00e4ndlich und unsere T\u00e4tigkeit wird hoch gesch\u00e4tzt. Dies l\u00e4sst mich jeden Abend mit einem gl\u00fccklichen und zufriedenen Gef\u00fchl nach Hause gehen.<\/p>\n<p><strong>M\u00f6chten Sie ebenfalls ein r\u00f6sch k\u00fcchen Team-Mitglied sein?<\/strong><\/p>\n<p>Wir suchen per sofort oder nach Vereinbarung: K\u00fcchenmonteur m\/w (siehe separates Inserat)<br \/>\nInfos unter: <a href=\"https:\/\/roesch-kuechen.ch\/wp\/jobs\/\">https:\/\/roesch-kuechen.ch\/wp\/jobs\/<\/a><\/p>\n<\/div><\/div><\/div><\/div><\/div><\/p>\n","protected":false},"excerpt":{"rendered":"","protected":false},"author":5,"featured_media":3965,"comment_status":"closed","ping_status":"open","sticky":false,"template":"","format":"standard","meta":{"footnotes":""},"categories":[1],"tags":[],"class_list":["post-3962","post","type-post","status-publish","format-standard","has-post-thumbnail","hentry","category-allgemein"],"_links":{"self":[{"href":"https:\/\/roesch-kuechen.ch\/wp\/wp-json\/wp\/v2\/posts\/3962","targetHints":{"allow":["GET"]}}],"collection":[{"href":"https:\/\/roesch-kuechen.ch\/wp\/wp-json\/wp\/v2\/posts"}],"about":[{"href":"https:\/\/roesch-kuechen.ch\/wp\/wp-json\/wp\/v2\/types\/post"}],"author":[{"embeddable":true,"href":"https:\/\/roesch-kuechen.ch\/wp\/wp-json\/wp\/v2\/users\/5"}],"replies":[{"embeddable":true,"href":"https:\/\/roesch-kuechen.ch\/wp\/wp-json\/wp\/v2\/comments?post=3962"}],"version-history":[{"count":6,"href":"https:\/\/roesch-kuechen.ch\/wp\/wp-json\/wp\/v2\/posts\/3962\/revisions"}],"predecessor-version":[{"id":4020,"href":"https:\/\/roesch-kuechen.ch\/wp\/wp-json\/wp\/v2\/posts\/3962\/revisions\/4020"}],"wp:featuredmedia":[{"embeddable":true,"href":"https:\/\/roesch-kuechen.ch\/wp\/wp-json\/wp\/v2\/media\/3965"}],"wp:attachment":[{"href":"https:\/\/roesch-kuechen.ch\/wp\/wp-json\/wp\/v2\/media?parent=3962"}],"wp:term":[{"taxonomy":"category","embeddable":true,"href":"https:\/\/roesch-kuechen.ch\/wp\/wp-json\/wp\/v2\/categories?post=3962"},{"taxonomy":"post_tag","embeddable":true,"href":"https:\/\/roesch-kuechen.ch\/wp\/wp-json\/wp\/v2\/tags?post=3962"}],"curies":[{"name":"wp","href":"https:\/\/api.w.org\/{rel}","templated":true}]}}