{"id":4282,"date":"2022-07-11T07:25:05","date_gmt":"2022-07-11T05:25:05","guid":{"rendered":"https:\/\/roesch-kuechen.ch\/wp\/?p=4282"},"modified":"2022-07-11T07:27:43","modified_gmt":"2022-07-11T05:27:43","slug":"herzlich-willkommen-jenny-thammavongsa","status":"publish","type":"post","link":"https:\/\/roesch-kuechen.ch\/wp\/herzlich-willkommen-jenny-thammavongsa\/","title":{"rendered":"Herzlich Willkommen Jenny Thammavongsa"},"content":{"rendered":"<div class=\"fusion-fullwidth fullwidth-box fusion-builder-row-1 fusion-flex-container nonhundred-percent-fullwidth non-hundred-percent-height-scrolling\" style=\"--awb-border-radius-top-left:0px;--awb-border-radius-top-right:0px;--awb-border-radius-bottom-right:0px;--awb-border-radius-bottom-left:0px;--awb-flex-wrap:wrap;\" ><div class=\"fusion-builder-row fusion-row fusion-flex-align-items-flex-start fusion-flex-content-wrap\" style=\"max-width:1144px;margin-left: calc(-4% \/ 2 );margin-right: calc(-4% \/ 2 );\"><div class=\"fusion-layout-column fusion_builder_column fusion-builder-column-0 fusion_builder_column_1_3 1_3 fusion-flex-column\" style=\"--awb-bg-size:cover;--awb-width-large:33.333333333333%;--awb-margin-top-large:0px;--awb-spacing-right-large:5.76%;--awb-margin-bottom-large:20px;--awb-spacing-left-large:5.76%;--awb-width-medium:100%;--awb-order-medium:0;--awb-spacing-right-medium:1.92%;--awb-spacing-left-medium:1.92%;--awb-width-small:100%;--awb-order-small:0;--awb-spacing-right-small:1.92%;--awb-spacing-left-small:1.92%;\"><div class=\"fusion-column-wrapper fusion-column-has-shadow fusion-flex-justify-content-flex-start fusion-content-layout-column\"><div class=\"fusion-image-element \" style=\"--awb-caption-title-font-family:var(--h2_typography-font-family);--awb-caption-title-font-weight:var(--h2_typography-font-weight);--awb-caption-title-font-style:var(--h2_typography-font-style);--awb-caption-title-size:var(--h2_typography-font-size);--awb-caption-title-transform:var(--h2_typography-text-transform);--awb-caption-title-line-height:var(--h2_typography-line-height);--awb-caption-title-letter-spacing:var(--h2_typography-letter-spacing);\"><span class=\" fusion-imageframe imageframe-none imageframe-1 hover-type-none\"><img fetchpriority=\"high\" fetchpriority=\"high\" decoding=\"async\" width=\"667\" height=\"710\" title=\"R\u00f6esch-K\u00fcchen_469[1]\" src=\"https:\/\/roesch-kuechen.ch\/wp\/wp-content\/uploads\/2022\/07\/Roeesch-Kuechen_4691-e1657517257639.jpg\" data-orig-src=\"https:\/\/roesch-kuechen.ch\/wp\/wp-content\/uploads\/2022\/07\/Roeesch-Kuechen_4691-e1657517257639.jpg\" alt class=\"lazyload img-responsive wp-image-4279\" srcset=\"data:image\/svg+xml,%3Csvg%20xmlns%3D%27http%3A%2F%2Fwww.w3.org%2F2000%2Fsvg%27%20width%3D%27667%27%20height%3D%27710%27%20viewBox%3D%270%200%20667%20710%27%3E%3Crect%20width%3D%27667%27%20height%3D%27710%27%20fill-opacity%3D%220%22%2F%3E%3C%2Fsvg%3E\" data-srcset=\"https:\/\/roesch-kuechen.ch\/wp\/wp-content\/uploads\/2022\/07\/Roeesch-Kuechen_4691-e1657517257639-200x213.jpg 200w, https:\/\/roesch-kuechen.ch\/wp\/wp-content\/uploads\/2022\/07\/Roeesch-Kuechen_4691-e1657517257639-400x426.jpg 400w, https:\/\/roesch-kuechen.ch\/wp\/wp-content\/uploads\/2022\/07\/Roeesch-Kuechen_4691-e1657517257639-600x639.jpg 600w, https:\/\/roesch-kuechen.ch\/wp\/wp-content\/uploads\/2022\/07\/Roeesch-Kuechen_4691-e1657517257639.jpg 667w\" data-sizes=\"auto\" data-orig-sizes=\"(max-width: 1024px) 100vw, (max-width: 640px) 100vw, 400px\" \/><\/span><\/div><\/div><\/div><div class=\"fusion-layout-column fusion_builder_column fusion-builder-column-1 fusion_builder_column_2_3 2_3 fusion-flex-column\" style=\"--awb-bg-size:cover;--awb-width-large:66.666666666667%;--awb-margin-top-large:0px;--awb-spacing-right-large:2.88%;--awb-margin-bottom-large:20px;--awb-spacing-left-large:2.88%;--awb-width-medium:100%;--awb-order-medium:0;--awb-spacing-right-medium:1.92%;--awb-spacing-left-medium:1.92%;--awb-width-small:100%;--awb-order-small:0;--awb-spacing-right-small:1.92%;--awb-spacing-left-small:1.92%;\"><div class=\"fusion-column-wrapper fusion-column-has-shadow fusion-flex-justify-content-flex-start fusion-content-layout-column\"><div class=\"fusion-text fusion-text-1\" style=\"--awb-text-transform:none;\"><p style=\"margin: 0cm 0cm 15.0pt 0cm;\"><span style=\"font-family: Roboto; color: #606060;\">Seit Juni 2022 ist Jenny neues Team-Mitglied bei r\u00f6sch k\u00fcchen ag und unterst\u00fctzt uns tatkr\u00e4ftig in der Administration.<\/span><\/p>\n<p style=\"margin: 0cm 0cm 15.0pt 0cm;\"><strong><span style=\"font-family: 'Arial',sans-serif; color: #606060;\">Was macht Deiner Meinung nach das r\u00f6sch Team aus?<\/span><\/strong><strong><span style=\"font-family: 'Arial',sans-serif; color: #606060; font-weight: normal;\"><br \/>\nDas Kleine Famili\u00e4re Team ist sehr Kunden- und Mitarbeiternahe, dies gef\u00e4llt mir sehr gut. <\/span><\/strong><\/p>\n<p style=\"margin: 0cm 0cm 15.0pt 0cm;\"><strong><span style=\"font-family: 'Arial',sans-serif; color: #606060;\">Was geh\u00f6rt unbedingt in (d)eine K\u00fcche?<\/span><\/strong><\/p>\n<p style=\"margin: 0cm 0cm 15.0pt 0cm;\"><strong><span style=\"font-family: 'Arial',sans-serif; color: #606060; font-weight: normal;\">Viel Platz und eine Kochinsel darf in meiner K\u00fcche nicht fehlen. Den Quooker habe ich seit dem ersten Tag an lieben gelernt und will diesen nicht mehr aus meiner K\u00fcche missen. Er macht einem das Leben beim Kochen und abwaschen um ein vielfaches einfacher. <\/span><\/strong><b><\/b><\/p>\n<\/div><\/div><\/div><\/div><\/div>\n","protected":false},"excerpt":{"rendered":"","protected":false},"author":6,"featured_media":4279,"comment_status":"closed","ping_status":"open","sticky":false,"template":"","format":"standard","meta":{"footnotes":""},"categories":[1],"tags":[],"class_list":["post-4282","post","type-post","status-publish","format-standard","has-post-thumbnail","hentry","category-allgemein"],"_links":{"self":[{"href":"https:\/\/roesch-kuechen.ch\/wp\/wp-json\/wp\/v2\/posts\/4282","targetHints":{"allow":["GET"]}}],"collection":[{"href":"https:\/\/roesch-kuechen.ch\/wp\/wp-json\/wp\/v2\/posts"}],"about":[{"href":"https:\/\/roesch-kuechen.ch\/wp\/wp-json\/wp\/v2\/types\/post"}],"author":[{"embeddable":true,"href":"https:\/\/roesch-kuechen.ch\/wp\/wp-json\/wp\/v2\/users\/6"}],"replies":[{"embeddable":true,"href":"https:\/\/roesch-kuechen.ch\/wp\/wp-json\/wp\/v2\/comments?post=4282"}],"version-history":[{"count":2,"href":"https:\/\/roesch-kuechen.ch\/wp\/wp-json\/wp\/v2\/posts\/4282\/revisions"}],"predecessor-version":[{"id":4284,"href":"https:\/\/roesch-kuechen.ch\/wp\/wp-json\/wp\/v2\/posts\/4282\/revisions\/4284"}],"wp:featuredmedia":[{"embeddable":true,"href":"https:\/\/roesch-kuechen.ch\/wp\/wp-json\/wp\/v2\/media\/4279"}],"wp:attachment":[{"href":"https:\/\/roesch-kuechen.ch\/wp\/wp-json\/wp\/v2\/media?parent=4282"}],"wp:term":[{"taxonomy":"category","embeddable":true,"href":"https:\/\/roesch-kuechen.ch\/wp\/wp-json\/wp\/v2\/categories?post=4282"},{"taxonomy":"post_tag","embeddable":true,"href":"https:\/\/roesch-kuechen.ch\/wp\/wp-json\/wp\/v2\/tags?post=4282"}],"curies":[{"name":"wp","href":"https:\/\/api.w.org\/{rel}","templated":true}]}}