{"id":5453,"date":"2024-09-10T08:28:13","date_gmt":"2024-09-10T06:28:13","guid":{"rendered":"https:\/\/roesch-kuechen.ch\/wp\/?p=5453"},"modified":"2024-09-10T08:32:01","modified_gmt":"2024-09-10T06:32:01","slug":"tag-der-offenen-tuer","status":"publish","type":"post","link":"https:\/\/roesch-kuechen.ch\/wp\/tag-der-offenen-tuer\/","title":{"rendered":"Tag der offenen T\u00fcr"},"content":{"rendered":"<p><div class=\"fusion-fullwidth fullwidth-box fusion-builder-row-1 fusion-flex-container has-pattern-background has-mask-background nonhundred-percent-fullwidth non-hundred-percent-height-scrolling\" style=\"--awb-border-radius-top-left:0px;--awb-border-radius-top-right:0px;--awb-border-radius-bottom-right:0px;--awb-border-radius-bottom-left:0px;--awb-flex-wrap:wrap;\" ><div class=\"fusion-builder-row fusion-row fusion-flex-align-items-flex-start fusion-flex-content-wrap\" style=\"max-width:1144px;margin-left: calc(-4% \/ 2 );margin-right: calc(-4% \/ 2 );\"><div class=\"fusion-layout-column fusion_builder_column fusion-builder-column-0 fusion_builder_column_1_2 1_2 fusion-flex-column\" style=\"--awb-bg-size:cover;--awb-width-large:50%;--awb-margin-top-large:0px;--awb-spacing-right-large:3.84%;--awb-margin-bottom-large:20px;--awb-spacing-left-large:3.84%;--awb-width-medium:100%;--awb-order-medium:0;--awb-spacing-right-medium:1.92%;--awb-spacing-left-medium:1.92%;--awb-width-small:100%;--awb-order-small:0;--awb-spacing-right-small:1.92%;--awb-spacing-left-small:1.92%;\"><div class=\"fusion-column-wrapper fusion-column-has-shadow fusion-flex-justify-content-flex-start fusion-content-layout-column\"><div class=\"fusion-image-element \" style=\"text-align:center;--awb-caption-title-font-family:var(--h2_typography-font-family);--awb-caption-title-font-weight:var(--h2_typography-font-weight);--awb-caption-title-font-style:var(--h2_typography-font-style);--awb-caption-title-size:var(--h2_typography-font-size);--awb-caption-title-transform:var(--h2_typography-text-transform);--awb-caption-title-line-height:var(--h2_typography-line-height);--awb-caption-title-letter-spacing:var(--h2_typography-letter-spacing);\"><span class=\" fusion-imageframe imageframe-none imageframe-1 hover-type-none\"><img fetchpriority=\"high\" fetchpriority=\"high\" decoding=\"async\" width=\"1280\" height=\"836\" title=\"Ausstellung_roesch_kuechen\" src=\"https:\/\/roesch-kuechen.ch\/wp\/wp-content\/uploads\/2024\/03\/Ausstellung_roesch_kuechen.jpg\" data-orig-src=\"https:\/\/roesch-kuechen.ch\/wp\/wp-content\/uploads\/2024\/03\/Ausstellung_roesch_kuechen.jpg\" alt class=\"lazyload img-responsive wp-image-5020\" srcset=\"data:image\/svg+xml,%3Csvg%20xmlns%3D%27http%3A%2F%2Fwww.w3.org%2F2000%2Fsvg%27%20width%3D%271280%27%20height%3D%27836%27%20viewBox%3D%270%200%201280%20836%27%3E%3Crect%20width%3D%271280%27%20height%3D%27836%27%20fill-opacity%3D%220%22%2F%3E%3C%2Fsvg%3E\" data-srcset=\"https:\/\/roesch-kuechen.ch\/wp\/wp-content\/uploads\/2024\/03\/Ausstellung_roesch_kuechen-200x131.jpg 200w, https:\/\/roesch-kuechen.ch\/wp\/wp-content\/uploads\/2024\/03\/Ausstellung_roesch_kuechen-400x261.jpg 400w, https:\/\/roesch-kuechen.ch\/wp\/wp-content\/uploads\/2024\/03\/Ausstellung_roesch_kuechen-600x392.jpg 600w, https:\/\/roesch-kuechen.ch\/wp\/wp-content\/uploads\/2024\/03\/Ausstellung_roesch_kuechen-800x523.jpg 800w, https:\/\/roesch-kuechen.ch\/wp\/wp-content\/uploads\/2024\/03\/Ausstellung_roesch_kuechen-1200x784.jpg 1200w, https:\/\/roesch-kuechen.ch\/wp\/wp-content\/uploads\/2024\/03\/Ausstellung_roesch_kuechen.jpg 1280w\" data-sizes=\"auto\" data-orig-sizes=\"(max-width: 1024px) 100vw, (max-width: 640px) 100vw, 600px\" \/><\/span><\/div><\/div><\/div><div class=\"fusion-layout-column fusion_builder_column fusion-builder-column-1 fusion_builder_column_1_2 1_2 fusion-flex-column\" style=\"--awb-bg-size:cover;--awb-width-large:50%;--awb-margin-top-large:0px;--awb-spacing-right-large:3.84%;--awb-margin-bottom-large:20px;--awb-spacing-left-large:3.84%;--awb-width-medium:100%;--awb-order-medium:0;--awb-spacing-right-medium:1.92%;--awb-spacing-left-medium:1.92%;--awb-width-small:100%;--awb-order-small:0;--awb-spacing-right-small:1.92%;--awb-spacing-left-small:1.92%;\"><div class=\"fusion-column-wrapper fusion-column-has-shadow fusion-flex-justify-content-flex-start fusion-content-layout-column\"><div class=\"fusion-text fusion-text-1\"><p class=\"Leadx06Grundtext\" style=\"text-align: justify;\">Ein Vierteljahrhundert R\u00f6sch K\u00fcchen AG \u2013 das sind 25 Jahre voller Herausforderungen, Innovationen und Erfolge. Was als mutige Idee begann, hat sich zu einem angesehenen Familien-KMU mit 16 Mitarbeitenden entwickelt.<\/p>\n<\/div><\/div><\/div><\/div><\/div><div class=\"fusion-fullwidth fullwidth-box fusion-builder-row-2 fusion-flex-container has-pattern-background has-mask-background nonhundred-percent-fullwidth non-hundred-percent-height-scrolling\" style=\"--awb-border-radius-top-left:0px;--awb-border-radius-top-right:0px;--awb-border-radius-bottom-right:0px;--awb-border-radius-bottom-left:0px;--awb-flex-wrap:wrap;\" ><div class=\"fusion-builder-row fusion-row fusion-flex-align-items-flex-start fusion-flex-content-wrap\" style=\"max-width:1144px;margin-left: calc(-4% \/ 2 );margin-right: calc(-4% \/ 2 );\"><div class=\"fusion-layout-column fusion_builder_column fusion-builder-column-2 fusion_builder_column_1_1 1_1 fusion-flex-column\" style=\"--awb-bg-size:cover;--awb-width-large:100%;--awb-margin-top-large:0px;--awb-spacing-right-large:1.92%;--awb-margin-bottom-large:20px;--awb-spacing-left-large:1.92%;--awb-width-medium:100%;--awb-order-medium:0;--awb-spacing-right-medium:1.92%;--awb-spacing-left-medium:1.92%;--awb-width-small:100%;--awb-order-small:0;--awb-spacing-right-small:1.92%;--awb-spacing-left-small:1.92%;\"><div class=\"fusion-column-wrapper fusion-column-has-shadow fusion-flex-justify-content-flex-start fusion-content-layout-column\"><div class=\"fusion-text fusion-text-2\"><p style=\"text-align: justify;\">Seit der Gr\u00fcndung im Jahr 1999 haben wir uns kontinuierlich weiterentwickelt. Wir sind stolz, dass wir uns zu einem innovativen und angesehenen Unternehmen in der K\u00fcchenbranche entwickelt haben. Wir haben nicht nur Produkte und Dienstleistungen geschaffen, sondern auch Vertrauen aufgebaut, Arbeitspl\u00e4tze geschaffen und uns als verl\u00e4sslicher Partner in der Region etabliert.<\/p>\n<p style=\"text-align: justify;\">Unser Erfolg basiert auf der harten Arbeit und dem unerm\u00fcdlichen Einsatz unserer Mitarbeiterinnen und Mitarbeiter sowie auf dem Vertrauen unserer Kunden und Gesch\u00e4ftspartner. Unsere Geschichte ist gepr\u00e4gt von Menschen, die mit Leidenschaft und Engagement die Vision unseres Unternehmens Tag f\u00fcr Tag leben und vorantreiben. An dieser Stelle ein riesengrosses Dankesch\u00f6n an alle unsere gesch\u00e4tzten Wegbegleiter.<\/p>\n<\/div><\/div><\/div><\/div><\/div><div class=\"fusion-fullwidth fullwidth-box fusion-builder-row-3 fusion-flex-container has-pattern-background has-mask-background nonhundred-percent-fullwidth non-hundred-percent-height-scrolling\" style=\"--awb-border-radius-top-left:0px;--awb-border-radius-top-right:0px;--awb-border-radius-bottom-right:0px;--awb-border-radius-bottom-left:0px;--awb-flex-wrap:wrap;\" ><div class=\"fusion-builder-row fusion-row fusion-flex-align-items-flex-start fusion-flex-content-wrap\" style=\"max-width:1144px;margin-left: calc(-4% \/ 2 );margin-right: calc(-4% \/ 2 );\"><div class=\"fusion-layout-column fusion_builder_column fusion-builder-column-3 fusion_builder_column_1_1 1_1 fusion-flex-column\" style=\"--awb-bg-size:cover;--awb-width-large:100%;--awb-margin-top-large:0px;--awb-spacing-right-large:1.92%;--awb-margin-bottom-large:20px;--awb-spacing-left-large:1.92%;--awb-width-medium:100%;--awb-order-medium:0;--awb-spacing-right-medium:1.92%;--awb-spacing-left-medium:1.92%;--awb-width-small:100%;--awb-order-small:0;--awb-spacing-right-small:1.92%;--awb-spacing-left-small:1.92%;\"><div class=\"fusion-column-wrapper fusion-column-has-shadow fusion-flex-justify-content-flex-start fusion-content-layout-column\"><div class=\"fusion-text fusion-text-3\"><p style=\"text-align: justify;\"><strong>Einladung zum Jubil\u00e4ums-Anlass<\/strong><\/p>\n<p class=\"GsohneEinzugx08Grundtext\" style=\"text-align: justify;\">Ein Vierteljahrhundert voller Entdeckungen, Erlebnisse und Genuss \u2013 das m\u00f6chten wir gemeinsam mit Ihnen feiern und laden Sie herzlich zu unserem Tag der offenen T\u00fcr ein. Lassen Sie uns zusammen auf die vergangenen 25 Jahre zur\u00fcckblicken und in die Zukunft blicken, die viele spannende Momente bereith\u00e4lt.<\/p>\n<p class=\"GsohneEinzugx08Grundtext\" style=\"text-align: justify;\"><strong>Freitag, 18. Oktober: 14\u201319 Uhr<\/strong><br \/>\n<strong>Samstag, 19. Oktober: 9\u201316 Uhr<\/strong><\/p>\n<p class=\"GsohneEinzugx08Grundtext\" style=\"text-align: justify;\">Freuen Sie sich auf zahlreiche Highlights und exklusive Einblicke, pr\u00e4sentiert von unseren langj\u00e4hrigen Partnern wie Electrolux, Siemens, Wesco, Bora, Quooker, Miele, V-Zug und Freezy Boy. Nutzen Sie die Gelegenheit, Neuheiten aus erster Hand zu entdecken und sich inspirieren zu lassen. F\u00fcr Ihr leibliches Wohl ist nat\u00fcrlich bestens gesorgt. Parkpl\u00e4tze sind ausreichend vorhanden und klar ausgeschildert. Markieren Sie sich dieses Datum dick in Ihrem Kalender \u2013 wir freuen uns riesig darauf, mit Ihnen zu feiern!<\/p>\n<p class=\"GsohneEinzugx08Grundtext\" style=\"text-align: justify;\">Zus\u00e4tzlich m\u00f6chten wir Sie herzlich zu unserem traditionellen Advents-Ap\u00e9ro am Mittwoch, 11. Dezember 2024, von 16 bis 19 Uhr einladen. Wie immer heisst es dann: \u00abwarm anziehen\u00bb und mit unserem k\u00f6stlichen Gl\u00fchwein auf die Weihnachtstage anstossen. Ein kunterbunter und spannender Herbst steht vor der T\u00fcr. Das gesamte R\u00f6sch K\u00fcchen Team freut sich auf viele Begegnungen, spannende Gespr\u00e4che \u2013 und nat\u00fcrlich auf Sie.<\/p>\n<\/div><\/div><\/div><\/div><\/div><div class=\"fusion-fullwidth fullwidth-box fusion-builder-row-4 fusion-flex-container has-pattern-background has-mask-background nonhundred-percent-fullwidth non-hundred-percent-height-scrolling\" style=\"--awb-border-radius-top-left:0px;--awb-border-radius-top-right:0px;--awb-border-radius-bottom-right:0px;--awb-border-radius-bottom-left:0px;--awb-flex-wrap:wrap;\" ><div class=\"fusion-builder-row fusion-row fusion-flex-align-items-flex-start fusion-flex-content-wrap\" style=\"max-width:1144px;margin-left: calc(-4% \/ 2 );margin-right: calc(-4% \/ 2 );\"><div class=\"fusion-layout-column fusion_builder_column fusion-builder-column-4 fusion_builder_column_1_1 1_1 fusion-flex-column\" style=\"--awb-bg-size:cover;--awb-width-large:100%;--awb-margin-top-large:0px;--awb-spacing-right-large:1.92%;--awb-margin-bottom-large:20px;--awb-spacing-left-large:1.92%;--awb-width-medium:100%;--awb-order-medium:0;--awb-spacing-right-medium:1.92%;--awb-spacing-left-medium:1.92%;--awb-width-small:100%;--awb-order-small:0;--awb-spacing-right-small:1.92%;--awb-spacing-left-small:1.92%;\"><div class=\"fusion-column-wrapper fusion-column-has-shadow fusion-flex-justify-content-flex-start fusion-content-layout-column\"><div class=\"fusion-text fusion-text-4\"><p style=\"text-align: justify;\"><strong>Jeden Monat ist Aktions-Monat<\/strong><\/p>\n<p class=\"GsohneEinzugx08Grundtext\" style=\"text-align: justify;\">Profitieren Sie 2024 von unseren speziellen Aktionen. Ob Staubsauger, Waschturm oder andere spannende Produkte mit Sonder-Rabatt\u2026 Jeden Monat gibt es<br \/>\neine neue Aktion. Ganz bestimmt ist auch f\u00fcr Sie etwas Passendes dabei. Folgen Sie uns auf Facebook, Instagram oder LinkedIn und bleiben Sie informiert.<br \/>\n<span style=\"color: #ff0000;\"><strong><a style=\"color: #ff0000;\" href=\"https:\/\/roesch-kuechen.ch\/wp\/jubilaeum\/\" target=\"_blank\" rel=\"noopener\">Monats-Aktionen<\/a><\/strong><\/span><\/p>\n<\/div><\/div><\/div><\/div><\/div><\/p>\n","protected":false},"excerpt":{"rendered":"","protected":false},"author":6,"featured_media":5020,"comment_status":"closed","ping_status":"open","sticky":false,"template":"","format":"standard","meta":{"footnotes":""},"categories":[1],"tags":[],"class_list":["post-5453","post","type-post","status-publish","format-standard","has-post-thumbnail","hentry","category-allgemein"],"_links":{"self":[{"href":"https:\/\/roesch-kuechen.ch\/wp\/wp-json\/wp\/v2\/posts\/5453","targetHints":{"allow":["GET"]}}],"collection":[{"href":"https:\/\/roesch-kuechen.ch\/wp\/wp-json\/wp\/v2\/posts"}],"about":[{"href":"https:\/\/roesch-kuechen.ch\/wp\/wp-json\/wp\/v2\/types\/post"}],"author":[{"embeddable":true,"href":"https:\/\/roesch-kuechen.ch\/wp\/wp-json\/wp\/v2\/users\/6"}],"replies":[{"embeddable":true,"href":"https:\/\/roesch-kuechen.ch\/wp\/wp-json\/wp\/v2\/comments?post=5453"}],"version-history":[{"count":5,"href":"https:\/\/roesch-kuechen.ch\/wp\/wp-json\/wp\/v2\/posts\/5453\/revisions"}],"predecessor-version":[{"id":5458,"href":"https:\/\/roesch-kuechen.ch\/wp\/wp-json\/wp\/v2\/posts\/5453\/revisions\/5458"}],"wp:featuredmedia":[{"embeddable":true,"href":"https:\/\/roesch-kuechen.ch\/wp\/wp-json\/wp\/v2\/media\/5020"}],"wp:attachment":[{"href":"https:\/\/roesch-kuechen.ch\/wp\/wp-json\/wp\/v2\/media?parent=5453"}],"wp:term":[{"taxonomy":"category","embeddable":true,"href":"https:\/\/roesch-kuechen.ch\/wp\/wp-json\/wp\/v2\/categories?post=5453"},{"taxonomy":"post_tag","embeddable":true,"href":"https:\/\/roesch-kuechen.ch\/wp\/wp-json\/wp\/v2\/tags?post=5453"}],"curies":[{"name":"wp","href":"https:\/\/api.w.org\/{rel}","templated":true}]}}